{"id":21360,"date":"2022-07-27T07:25:46","date_gmt":"2022-07-27T05:25:46","guid":{"rendered":"https:\/\/www.tomalbrechtart.de\/urlaub-im-apfelchemoland\/"},"modified":"2022-07-27T07:25:46","modified_gmt":"2022-07-27T05:25:46","slug":"urlaub-im-apfelchemoland","status":"publish","type":"post","link":"https:\/\/www.tomalbrechtart.de\/en\/urlaub-im-apfelchemoland\/","title":{"rendered":"Urlaub im Apfelchemoland"},"content":{"rendered":"<figure id=\"attachment_21355\" aria-describedby=\"caption-attachment-21355\" style=\"width: 1024px\" class=\"wp-caption alignnone\"><img decoding=\"async\" class=\"wp-image-21355 size-full lazyload\" title=\"Chemofall\u00e4pfel Urlaub im Apfelchemoland\" data-src=\"https:\/\/www.tomalbrechtart.de\/wp-content\/uploads\/2022\/07\/chemofallaepfel-w.jpg\" alt=\"Chemofall\u00e4pfel Urlaub im Apfelchemoland\" width=\"1024\" height=\"768\" data-srcset=\"https:\/\/www.tomalbrechtart.de\/wp-content\/uploads\/2022\/07\/chemofallaepfel-w.jpg 1024w, https:\/\/www.tomalbrechtart.de\/wp-content\/uploads\/2022\/07\/chemofallaepfel-w-300x225.jpg 300w, https:\/\/www.tomalbrechtart.de\/wp-content\/uploads\/2022\/07\/chemofallaepfel-w-768x576.jpg 768w\" data-sizes=\"(max-width: 709px) 85vw, (max-width: 909px) 67vw, (max-width: 1362px) 62vw, 840px\" src=\"data:image\/svg+xml;base64,PHN2ZyB3aWR0aD0iMSIgaGVpZ2h0PSIxIiB4bWxucz0iaHR0cDovL3d3dy53My5vcmcvMjAwMC9zdmciPjwvc3ZnPg==\" style=\"--smush-placeholder-width: 1024px; --smush-placeholder-aspect-ratio: 1024\/768;\" \/><figcaption id=\"caption-attachment-21355\" class=\"wp-caption-text\">Chemofall\u00e4pfel<\/figcaption><\/figure>\n<h2>Urlaub im Apfelchemoland<\/h2>\n<p>S\u00fcdtirol das Apfelchemoland<br \/>\nMittendrin das Sternetophotel<br \/>\nDer Gast will es nicht wissen.<\/p>\n<p>B\u00e4umchen am Gestell<br \/>\nSie tragen viel und lassen fallen.<br \/>\nSorten gr\u00fcn und etwas rot.<br \/>\nDas Gras verdorrt vom Chemostrahl<br \/>\nDas Wasser rauscht und tropft<br \/>\nOben Netze grau zum Schutz<\/p>\n<p>Insekten und die V\u00f6gel kaum<br \/>\nIm Land da lastet D\u00fcrre.<br \/>\nDoch drei Biotope da<br \/>\nDort sind die Fr\u00f6sche<br \/>\nSogar V\u00f6gel rufen einsam<br \/>\nMan freut sich am Insekt<\/p>\n<p>Gespritzt die 60 Stoffe 20 Mal<br \/>\nGift gemessen in der Abdrift<br \/>\nIn Sommer, Dorf und Bergen.<br \/>\nDer Markt sei so.<br \/>\nMan weis ums Artensterben.<\/p>\n<p>Kritik am Pestizid kommt vor Gericht.<br \/>\nZum Gl\u00fcck gesiegt die Meinung frei.<\/p>\n<p>So lebt man nun als Gast.<br \/>\nDoch freuet sich des Lebens.<\/p>\n<p>Tom Albrecht, S\u00fcdtirol. IT, 17.7.22<\/p>\n<p><a href=\"https:\/\/www.zdf.de\/dokumentation\/planet-e\/planet-e-gegen-gift-100.html\">Ein<\/a> <a href=\"https:\/\/www.zdf.de\/dokumentation\/planet-e\/planet-e-gegen-gift-100.html\">Film zum Thema<\/a><\/p>\n<p class=\"page-title\"><a href=\"https:\/\/bienen-nachrichten.de\/2021\/hohe-abdrift-von-pestiziden-belastet-umwelt\/455\">Hohe Abdrift von Pestiziden belastet Umwelt<\/a><\/p>\n<p>&nbsp;<\/p>\n","protected":false},"excerpt":{"rendered":"<p>Urlaub im Apfelchemoland S\u00fcdtirol das Apfelchemoland Mittendrin das Sternetophotel Der Gast will es nicht wissen. B\u00e4umchen am Gestell Sie tragen viel und lassen fallen. Sorten gr\u00fcn und etwas rot. Das Gras verdorrt vom Chemostrahl Das Wasser rauscht und tropft Oben Netze grau zum Schutz Insekten und die V\u00f6gel kaum Im Land da lastet D\u00fcrre. Doch &hellip; <a href=\"https:\/\/www.tomalbrechtart.de\/en\/urlaub-im-apfelchemoland\/\" class=\"more-link\">Continue reading<span class=\"screen-reader-text\"> &#8220;Urlaub im Apfelchemoland&#8221;<\/span><\/a><\/p>\n","protected":false},"author":3,"featured_media":0,"comment_status":"closed","ping_status":"open","sticky":false,"template":"","format":"standard","meta":{"ngg_post_thumbnail":0,"footnotes":""},"categories":[33],"tags":[],"class_list":["post-21360","post","type-post","status-publish","format-standard","hentry","category-uncategorized"],"yoast_head":"<!-- This site is optimized with the Yoast SEO Premium plugin v24.5 (Yoast SEO v27.5) - https:\/\/yoast.com\/product\/yoast-seo-premium-wordpress\/ -->\n<title>Urlaub im Apfelchemoland<\/title>\n<meta name=\"robots\" content=\"index, follow, max-snippet:-1, max-image-preview:large, max-video-preview:-1\" \/>\n<link rel=\"canonical\" href=\"https:\/\/www.tomalbrechtart.de\/en\/urlaub-im-apfelchemoland\/\" \/>\n<meta property=\"og:locale\" content=\"en_US\" \/>\n<meta property=\"og:type\" content=\"article\" \/>\n<meta property=\"og:title\" content=\"Urlaub im Apfelchemoland\" \/>\n<meta property=\"og:description\" content=\"Urlaub im Apfelchemoland S\u00fcdtirol das Apfelchemoland Mittendrin das Sternetophotel Der Gast will es nicht wissen. B\u00e4umchen am Gestell Sie tragen viel und lassen fallen. Sorten gr\u00fcn und etwas rot. Das Gras verdorrt vom Chemostrahl Das Wasser rauscht und tropft Oben Netze grau zum Schutz Insekten und die V\u00f6gel kaum Im Land da lastet D\u00fcrre. Doch &hellip; Continue reading &quot;Urlaub im Apfelchemoland&quot;\" \/>\n<meta property=\"og:url\" content=\"https:\/\/www.tomalbrechtart.de\/en\/urlaub-im-apfelchemoland\/\" \/>\n<meta property=\"og:site_name\" content=\"Tom Albrecht\" \/>\n<meta property=\"article:publisher\" content=\"https:\/\/www.facebook.com\/TomAlbrechtBerlin\" \/>\n<meta property=\"article:author\" content=\"https:\/\/www.facebook.com\/TomAlbrechtBerlin\" \/>\n<meta property=\"article:published_time\" content=\"2022-07-27T05:25:46+00:00\" \/>\n<meta property=\"og:image\" content=\"https:\/\/www.tomalbrechtart.de\/wp-content\/uploads\/2022\/07\/chemofallaepfel-w.jpg\" \/>\n<meta name=\"author\" content=\"Tom\" \/>\n<meta name=\"twitter:card\" content=\"summary_large_image\" \/>\n<meta name=\"twitter:label1\" content=\"Written by\" \/>\n\t<meta name=\"twitter:data1\" content=\"Tom\" \/>\n\t<meta name=\"twitter:label2\" content=\"Est. reading time\" \/>\n\t<meta name=\"twitter:data2\" content=\"1 minute\" \/>\n<script type=\"application\/ld+json\" class=\"yoast-schema-graph\">{\"@context\":\"https:\\\/\\\/schema.org\",\"@graph\":[{\"@type\":\"Article\",\"@id\":\"https:\\\/\\\/www.tomalbrechtart.de\\\/en\\\/urlaub-im-apfelchemoland\\\/#article\",\"isPartOf\":{\"@id\":\"https:\\\/\\\/www.tomalbrechtart.de\\\/en\\\/urlaub-im-apfelchemoland\\\/\"},\"author\":{\"name\":\"Tom\",\"@id\":\"https:\\\/\\\/www.tomalbrechtart.de\\\/#\\\/schema\\\/person\\\/df54c589cf64a07e691c58d54bae7b67\"},\"headline\":\"Urlaub im Apfelchemoland\",\"datePublished\":\"2022-07-27T05:25:46+00:00\",\"mainEntityOfPage\":{\"@id\":\"https:\\\/\\\/www.tomalbrechtart.de\\\/en\\\/urlaub-im-apfelchemoland\\\/\"},\"wordCount\":152,\"publisher\":{\"@id\":\"https:\\\/\\\/www.tomalbrechtart.de\\\/#\\\/schema\\\/person\\\/df54c589cf64a07e691c58d54bae7b67\"},\"image\":{\"@id\":\"https:\\\/\\\/www.tomalbrechtart.de\\\/en\\\/urlaub-im-apfelchemoland\\\/#primaryimage\"},\"thumbnailUrl\":\"https:\\\/\\\/www.tomalbrechtart.de\\\/wp-content\\\/uploads\\\/2022\\\/07\\\/chemofallaepfel-w.jpg\",\"inLanguage\":\"en-US\"},{\"@type\":\"WebPage\",\"@id\":\"https:\\\/\\\/www.tomalbrechtart.de\\\/en\\\/urlaub-im-apfelchemoland\\\/\",\"url\":\"https:\\\/\\\/www.tomalbrechtart.de\\\/en\\\/urlaub-im-apfelchemoland\\\/\",\"name\":\"Urlaub im Apfelchemoland\",\"isPartOf\":{\"@id\":\"https:\\\/\\\/www.tomalbrechtart.de\\\/#website\"},\"primaryImageOfPage\":{\"@id\":\"https:\\\/\\\/www.tomalbrechtart.de\\\/en\\\/urlaub-im-apfelchemoland\\\/#primaryimage\"},\"image\":{\"@id\":\"https:\\\/\\\/www.tomalbrechtart.de\\\/en\\\/urlaub-im-apfelchemoland\\\/#primaryimage\"},\"thumbnailUrl\":\"https:\\\/\\\/www.tomalbrechtart.de\\\/wp-content\\\/uploads\\\/2022\\\/07\\\/chemofallaepfel-w.jpg\",\"datePublished\":\"2022-07-27T05:25:46+00:00\",\"breadcrumb\":{\"@id\":\"https:\\\/\\\/www.tomalbrechtart.de\\\/en\\\/urlaub-im-apfelchemoland\\\/#breadcrumb\"},\"inLanguage\":\"en-US\",\"potentialAction\":[{\"@type\":\"ReadAction\",\"target\":[\"https:\\\/\\\/www.tomalbrechtart.de\\\/en\\\/urlaub-im-apfelchemoland\\\/\"]}]},{\"@type\":\"ImageObject\",\"inLanguage\":\"en-US\",\"@id\":\"https:\\\/\\\/www.tomalbrechtart.de\\\/en\\\/urlaub-im-apfelchemoland\\\/#primaryimage\",\"url\":\"https:\\\/\\\/www.tomalbrechtart.de\\\/wp-content\\\/uploads\\\/2022\\\/07\\\/chemofallaepfel-w.jpg\",\"contentUrl\":\"https:\\\/\\\/www.tomalbrechtart.de\\\/wp-content\\\/uploads\\\/2022\\\/07\\\/chemofallaepfel-w.jpg\"},{\"@type\":\"BreadcrumbList\",\"@id\":\"https:\\\/\\\/www.tomalbrechtart.de\\\/en\\\/urlaub-im-apfelchemoland\\\/#breadcrumb\",\"itemListElement\":[{\"@type\":\"ListItem\",\"position\":1,\"name\":\"Home page\",\"item\":\"https:\\\/\\\/www.tomalbrechtart.de\\\/\"},{\"@type\":\"ListItem\",\"position\":2,\"name\":\"Urlaub im Apfelchemoland\"}]},{\"@type\":\"WebSite\",\"@id\":\"https:\\\/\\\/www.tomalbrechtart.de\\\/#website\",\"url\":\"https:\\\/\\\/www.tomalbrechtart.de\\\/\",\"name\":\"Tom Albrecht\",\"description\":\"Tom Albrecht: Sustainable Art\",\"publisher\":{\"@id\":\"https:\\\/\\\/www.tomalbrechtart.de\\\/#\\\/schema\\\/person\\\/df54c589cf64a07e691c58d54bae7b67\"},\"potentialAction\":[{\"@type\":\"SearchAction\",\"target\":{\"@type\":\"EntryPoint\",\"urlTemplate\":\"https:\\\/\\\/www.tomalbrechtart.de\\\/?s={search_term_string}\"},\"query-input\":{\"@type\":\"PropertyValueSpecification\",\"valueRequired\":true,\"valueName\":\"search_term_string\"}}],\"inLanguage\":\"en-US\"},{\"@type\":[\"Person\",\"Organization\"],\"@id\":\"https:\\\/\\\/www.tomalbrechtart.de\\\/#\\\/schema\\\/person\\\/df54c589cf64a07e691c58d54bae7b67\",\"name\":\"Tom\",\"image\":{\"@type\":\"ImageObject\",\"inLanguage\":\"en-US\",\"@id\":\"https:\\\/\\\/www.tomalbrechtart.de\\\/wp-content\\\/uploads\\\/2023\\\/12\\\/cropped-weltkugeln-logo-3.jpg\",\"url\":\"https:\\\/\\\/www.tomalbrechtart.de\\\/wp-content\\\/uploads\\\/2023\\\/12\\\/cropped-weltkugeln-logo-3.jpg\",\"contentUrl\":\"https:\\\/\\\/www.tomalbrechtart.de\\\/wp-content\\\/uploads\\\/2023\\\/12\\\/cropped-weltkugeln-logo-3.jpg\",\"width\":240,\"height\":199,\"caption\":\"Tom\"},\"logo\":{\"@id\":\"https:\\\/\\\/www.tomalbrechtart.de\\\/wp-content\\\/uploads\\\/2023\\\/12\\\/cropped-weltkugeln-logo-3.jpg\"},\"sameAs\":[\"https:\\\/\\\/www.facebook.com\\\/TomAlbrechtBerlin\",\"https:\\\/\\\/www.instagram.com\\\/tom_albrecht_art\\\/\"]}]}<\/script>\n<!-- \/ Yoast SEO Premium plugin. -->","yoast_head_json":{"title":"Urlaub im Apfelchemoland","robots":{"index":"index","follow":"follow","max-snippet":"max-snippet:-1","max-image-preview":"max-image-preview:large","max-video-preview":"max-video-preview:-1"},"canonical":"https:\/\/www.tomalbrechtart.de\/en\/urlaub-im-apfelchemoland\/","og_locale":"en_US","og_type":"article","og_title":"Urlaub im Apfelchemoland","og_description":"Urlaub im Apfelchemoland S\u00fcdtirol das Apfelchemoland Mittendrin das Sternetophotel Der Gast will es nicht wissen. B\u00e4umchen am Gestell Sie tragen viel und lassen fallen. Sorten gr\u00fcn und etwas rot. Das Gras verdorrt vom Chemostrahl Das Wasser rauscht und tropft Oben Netze grau zum Schutz Insekten und die V\u00f6gel kaum Im Land da lastet D\u00fcrre. Doch &hellip; Continue reading \"Urlaub im Apfelchemoland\"","og_url":"https:\/\/www.tomalbrechtart.de\/en\/urlaub-im-apfelchemoland\/","og_site_name":"Tom Albrecht","article_publisher":"https:\/\/www.facebook.com\/TomAlbrechtBerlin","article_author":"https:\/\/www.facebook.com\/TomAlbrechtBerlin","article_published_time":"2022-07-27T05:25:46+00:00","og_image":[{"url":"https:\/\/www.tomalbrechtart.de\/wp-content\/uploads\/2022\/07\/chemofallaepfel-w.jpg","type":"","width":"","height":""}],"author":"Tom","twitter_card":"summary_large_image","twitter_misc":{"Written by":"Tom","Est. reading time":"1 minute"},"schema":{"@context":"https:\/\/schema.org","@graph":[{"@type":"Article","@id":"https:\/\/www.tomalbrechtart.de\/en\/urlaub-im-apfelchemoland\/#article","isPartOf":{"@id":"https:\/\/www.tomalbrechtart.de\/en\/urlaub-im-apfelchemoland\/"},"author":{"name":"Tom","@id":"https:\/\/www.tomalbrechtart.de\/#\/schema\/person\/df54c589cf64a07e691c58d54bae7b67"},"headline":"Urlaub im Apfelchemoland","datePublished":"2022-07-27T05:25:46+00:00","mainEntityOfPage":{"@id":"https:\/\/www.tomalbrechtart.de\/en\/urlaub-im-apfelchemoland\/"},"wordCount":152,"publisher":{"@id":"https:\/\/www.tomalbrechtart.de\/#\/schema\/person\/df54c589cf64a07e691c58d54bae7b67"},"image":{"@id":"https:\/\/www.tomalbrechtart.de\/en\/urlaub-im-apfelchemoland\/#primaryimage"},"thumbnailUrl":"https:\/\/www.tomalbrechtart.de\/wp-content\/uploads\/2022\/07\/chemofallaepfel-w.jpg","inLanguage":"en-US"},{"@type":"WebPage","@id":"https:\/\/www.tomalbrechtart.de\/en\/urlaub-im-apfelchemoland\/","url":"https:\/\/www.tomalbrechtart.de\/en\/urlaub-im-apfelchemoland\/","name":"Urlaub im Apfelchemoland","isPartOf":{"@id":"https:\/\/www.tomalbrechtart.de\/#website"},"primaryImageOfPage":{"@id":"https:\/\/www.tomalbrechtart.de\/en\/urlaub-im-apfelchemoland\/#primaryimage"},"image":{"@id":"https:\/\/www.tomalbrechtart.de\/en\/urlaub-im-apfelchemoland\/#primaryimage"},"thumbnailUrl":"https:\/\/www.tomalbrechtart.de\/wp-content\/uploads\/2022\/07\/chemofallaepfel-w.jpg","datePublished":"2022-07-27T05:25:46+00:00","breadcrumb":{"@id":"https:\/\/www.tomalbrechtart.de\/en\/urlaub-im-apfelchemoland\/#breadcrumb"},"inLanguage":"en-US","potentialAction":[{"@type":"ReadAction","target":["https:\/\/www.tomalbrechtart.de\/en\/urlaub-im-apfelchemoland\/"]}]},{"@type":"ImageObject","inLanguage":"en-US","@id":"https:\/\/www.tomalbrechtart.de\/en\/urlaub-im-apfelchemoland\/#primaryimage","url":"https:\/\/www.tomalbrechtart.de\/wp-content\/uploads\/2022\/07\/chemofallaepfel-w.jpg","contentUrl":"https:\/\/www.tomalbrechtart.de\/wp-content\/uploads\/2022\/07\/chemofallaepfel-w.jpg"},{"@type":"BreadcrumbList","@id":"https:\/\/www.tomalbrechtart.de\/en\/urlaub-im-apfelchemoland\/#breadcrumb","itemListElement":[{"@type":"ListItem","position":1,"name":"Home page","item":"https:\/\/www.tomalbrechtart.de\/"},{"@type":"ListItem","position":2,"name":"Urlaub im Apfelchemoland"}]},{"@type":"WebSite","@id":"https:\/\/www.tomalbrechtart.de\/#website","url":"https:\/\/www.tomalbrechtart.de\/","name":"Tom Albrecht","description":"Tom Albrecht: Sustainable Art","publisher":{"@id":"https:\/\/www.tomalbrechtart.de\/#\/schema\/person\/df54c589cf64a07e691c58d54bae7b67"},"potentialAction":[{"@type":"SearchAction","target":{"@type":"EntryPoint","urlTemplate":"https:\/\/www.tomalbrechtart.de\/?s={search_term_string}"},"query-input":{"@type":"PropertyValueSpecification","valueRequired":true,"valueName":"search_term_string"}}],"inLanguage":"en-US"},{"@type":["Person","Organization"],"@id":"https:\/\/www.tomalbrechtart.de\/#\/schema\/person\/df54c589cf64a07e691c58d54bae7b67","name":"Tom","image":{"@type":"ImageObject","inLanguage":"en-US","@id":"https:\/\/www.tomalbrechtart.de\/wp-content\/uploads\/2023\/12\/cropped-weltkugeln-logo-3.jpg","url":"https:\/\/www.tomalbrechtart.de\/wp-content\/uploads\/2023\/12\/cropped-weltkugeln-logo-3.jpg","contentUrl":"https:\/\/www.tomalbrechtart.de\/wp-content\/uploads\/2023\/12\/cropped-weltkugeln-logo-3.jpg","width":240,"height":199,"caption":"Tom"},"logo":{"@id":"https:\/\/www.tomalbrechtart.de\/wp-content\/uploads\/2023\/12\/cropped-weltkugeln-logo-3.jpg"},"sameAs":["https:\/\/www.facebook.com\/TomAlbrechtBerlin","https:\/\/www.instagram.com\/tom_albrecht_art\/"]}]}},"_links":{"self":[{"href":"https:\/\/www.tomalbrechtart.de\/en\/wp-json\/wp\/v2\/posts\/21360","targetHints":{"allow":["GET"]}}],"collection":[{"href":"https:\/\/www.tomalbrechtart.de\/en\/wp-json\/wp\/v2\/posts"}],"about":[{"href":"https:\/\/www.tomalbrechtart.de\/en\/wp-json\/wp\/v2\/types\/post"}],"author":[{"embeddable":true,"href":"https:\/\/www.tomalbrechtart.de\/en\/wp-json\/wp\/v2\/users\/3"}],"replies":[{"embeddable":true,"href":"https:\/\/www.tomalbrechtart.de\/en\/wp-json\/wp\/v2\/comments?post=21360"}],"version-history":[{"count":0,"href":"https:\/\/www.tomalbrechtart.de\/en\/wp-json\/wp\/v2\/posts\/21360\/revisions"}],"wp:attachment":[{"href":"https:\/\/www.tomalbrechtart.de\/en\/wp-json\/wp\/v2\/media?parent=21360"}],"wp:term":[{"taxonomy":"category","embeddable":true,"href":"https:\/\/www.tomalbrechtart.de\/en\/wp-json\/wp\/v2\/categories?post=21360"},{"taxonomy":"post_tag","embeddable":true,"href":"https:\/\/www.tomalbrechtart.de\/en\/wp-json\/wp\/v2\/tags?post=21360"}],"curies":[{"name":"wp","href":"https:\/\/api.w.org\/{rel}","templated":true}]}}